
{"id":148,"date":"2024-10-03T16:14:07","date_gmt":"2024-10-03T16:14:07","guid":{"rendered":"https:\/\/automototransportas.lt\/index.php\/2024\/10\/03\/siauliai-jazz-xxiii-intriguojantys-dziazo-sedevrai-ko-galime-tiketis-sio-festivalio-metu\/"},"modified":"2024-10-03T16:14:07","modified_gmt":"2024-10-03T16:14:07","slug":"siauliai-jazz-xxiii-intriguojantys-dziazo-sedevrai-ko-galime-tiketis-sio-festivalio-metu","status":"publish","type":"post","link":"https:\/\/automototransportas.lt\/index.php\/2024\/10\/03\/siauliai-jazz-xxiii-intriguojantys-dziazo-sedevrai-ko-galime-tiketis-sio-festivalio-metu\/","title":{"rendered":"\u0160iauliai Jazz XXIII: Intriguojantys d\u017eiazo \u0161edevrai \u2013 ko galime tik\u0117tis \u0161io festivalio metu?"},"content":{"rendered":"<p> <br \/>\n<\/p>\n<p><\/p>\n<p>\u0160i\u0173 met\u0173 <strong>\u0160iauliai Jazz XXIII<\/strong> festivalis jau sp\u0117jo u\u017eburti d\u017eiazo m\u0117g\u0117jus i\u0161skirtiniais pasirodymais ir ne\u012ftik\u0117tina muzika, ta\u010diau tikri d\u017eiazo fanai \u017eino \u2013 geriausia dar prie\u0161akyje.<\/p>\n<p>Kol rengini\u0173 programa vis dar slepia kelet\u0105 intriguojan\u010di\u0173 susitikim\u0173, norime pasidalyti viena ypatinga naujiena, kuri su\u017eadins j\u016bs\u0173 smalsum\u0105 ir pasiruo\u0161im\u0105 art\u0117jantiems susitikimams.<\/p>\n<p>Netrukus \u012f <strong>\u0160iauliai Jazz<\/strong> scen\u0105 \u012f\u017eengs pasaulinio lygio d\u017eiazo kolektyvas i\u0161 Ispanijos \u2013 <strong>La Local Jazz Band<\/strong>. \u0160i\u0105 talenting\u0105 grup\u0119 2008 metais sub\u016br\u0117 ilgame\u010diai scenos partneriai <strong>Miguel Ram\u00edrez<\/strong> (saksofonas) ir <strong>Miqui Delgado<\/strong> (pianinas), kurie d\u017eiazo pasaulyje \u017einomi ne tik d\u0117l savo meistri\u0161kumo, bet ir d\u0117l geb\u0117jimo perteikti d\u017eiazo esm\u0119, susiejant \u0161iuolaikines id\u0117jas su klasikine tradicija.<\/p>\n<figure id=\"attachment_288846\" aria-describedby=\"caption-attachment-288846\" style=\"width: 1230px\" class=\"wp-caption aligncenter\"><img decoding=\"async\" loading=\"lazy\" class=\"wp-image-288846 size-full\" src=\"https:\/\/miestonaujienos.lt\/wp-content\/uploads\/2024\/10\/peter-putters-nuotr.jpg\" alt=\"\" width=\"1230\" height=\"663\" \/><figcaption id=\"caption-attachment-288846\" class=\"wp-caption-text\">La Local Jazz Band WORLD JAZZ festivalyje \u2013 Peter Putters nuotr.<\/figcaption><\/figure>\n<p><strong>La Local Jazz Band<\/strong> \u2013 tai ne tik talenting\u0173 muzikant\u0173 grup\u0117, bet ir projektas, sukurtas su tikslu skleisti d\u017eiazo muzik\u0105, j\u0105 pristatyti \u012fvairioms auditorijoms bei rengti edukacinius koncertus. Muzikantai per daugel\u012f met\u0173 ne tik dalijosi scena su geriausiais d\u017eiazo atlik\u0117jais, bet ir kuria \u012fsp\u016bdingus projektus, kurie gilina ir pl\u0117toja d\u017eiazo \u017eanr\u0105.<\/p>\n<p>J\u0173 albumas \u201e<strong>Paisajes Sonoros<\/strong>\u201c, i\u0161leistas 2021 metais, yra ypatingas k\u016brybos vaisius. Tai instrumentinis albumas, kuriame kiekvienas k\u016brinys yra tarsi garsinis peiza\u017eas, pasakojantis apie gyvenimo emocijas ir kasdienio gro\u017eio atradimus. Klausytojams tai \u2013 kelion\u0117 per \u012fvairius muzikinius pasaulius, kur susitinka brandi patirtis ir naujos id\u0117jos.<\/p>\n<\/p>\n<p><strong>Miguel Ram\u00edrez<\/strong> (saksofonas) ir <strong>Miqui Delgado<\/strong> (pianinas) \u0161iame projekte kartu su <strong>Luis Merino<\/strong> (gitara), <strong>Suso Vega<\/strong> (b\u016bgnai), <strong>Ernesto Montenegro<\/strong> (trimitas) ir <strong>Alejandro Garc\u00eda<\/strong> (kontrabosas) sukurs atmosfer\u0105, kurioje muzikos garsai pasakos apie kiekvien\u0105 dien\u0105 \u2013 tarsi vaizdus, kuriuos matome, bet i\u0161girstame tik per muzik\u0105.<\/p>\n<p>Ar pasiruo\u0161\u0119 \u0161iai kelionei? Koncertas, kuris laukia <strong>\u0160iauliai Jazz XXIII<\/strong>\u00a0scenoje, suteiks galimyb\u0119 \u012fkv\u0117pti nauj\u0173 gars\u0173, atrasti nepa\u017eintas d\u017eiazo spalvas ir \u012fsimyl\u0117ti \u0161\u012f muzikos \u017eanr\u0105 i\u0161 naujo. Ir nors datos bei laikas i\u0161lieka neatskleisti, vienas dalykas yra tikras \u2013 <strong>La Local Jazz Band<\/strong> pasirodymas bus vienas \u012fsp\u016bdingiausi\u0173 \u0161io festivalio akcent\u0173.<\/p>\n<p>Sekite festivalio naujienas, nes netrukus sulauksime daugiau detali\u0173 apie ypatingus susitikimus, kuri\u0173 nevalia praleisti. Muzika kartais sako daugiau nei \u017eod\u017eiai, o \u0161\u012f kart\u0105 ji papasakos apie tai, kas svarbiausia \u2013 meil\u0119 gyvenimui ir gars\u0173 pasauliui.<\/p>\n<p>\u0160ia publikacija dalinasi Lietuvos region\u0173 naujien\u0173 portalas \u201eMiesto naujienos\u201c. Daugiau sau ir savo miestui aktuali\u0173 naujien\u0173 rasite portale Miesto naujienos.<\/p>\n<p><br \/>\n<br \/><a href=\"https:\/\/miestonaujienos.lt\/siauliai-jazz-xxiii-intriguojantys-dziazo-sedevrai-ko-dar-galime-tiketis-sio-festivalio-metu\/\">Source link <\/a><\/p>\n","protected":false},"excerpt":{"rendered":"<p>\u0160i\u0173 met\u0173 \u0160iauliai Jazz XXIII festivalis jau sp\u0117jo u\u017eburti d\u017eiazo m\u0117g\u0117jus i\u0161skirtiniais pasirodymais ir ne\u012ftik\u0117tina muzika, ta\u010diau tikri d\u017eiazo fanai \u017eino \u2013 geriausia dar prie\u0161akyje. Kol rengini\u0173 programa vis dar [&hellip;]<\/p>\n","protected":false},"author":1,"featured_media":149,"comment_status":"open","ping_status":"open","sticky":false,"template":"","format":"standard","meta":{"om_disable_all_campaigns":false,"_monsterinsights_skip_tracking":false,"_monsterinsights_sitenote_active":false,"_monsterinsights_sitenote_note":"","_monsterinsights_sitenote_category":0,"footnotes":""},"categories":[2],"tags":[364,369,366,363,361,370,365,360,368,367,362],"class_list":["post-148","post","type-post","status-publish","format-standard","has-post-thumbnail","hentry","category-salies-naujienos","tag-dziazo","tag-festivalio","tag-galime","tag-intriguojantys","tag-jazz","tag-metu","tag-sedevrai","tag-siauliai","tag-sio","tag-tiketis","tag-xxiii"],"aioseo_notices":[],"_links":{"self":[{"href":"https:\/\/automototransportas.lt\/index.php\/wp-json\/wp\/v2\/posts\/148","targetHints":{"allow":["GET"]}}],"collection":[{"href":"https:\/\/automototransportas.lt\/index.php\/wp-json\/wp\/v2\/posts"}],"about":[{"href":"https:\/\/automototransportas.lt\/index.php\/wp-json\/wp\/v2\/types\/post"}],"author":[{"embeddable":true,"href":"https:\/\/automototransportas.lt\/index.php\/wp-json\/wp\/v2\/users\/1"}],"replies":[{"embeddable":true,"href":"https:\/\/automototransportas.lt\/index.php\/wp-json\/wp\/v2\/comments?post=148"}],"version-history":[{"count":0,"href":"https:\/\/automototransportas.lt\/index.php\/wp-json\/wp\/v2\/posts\/148\/revisions"}],"wp:featuredmedia":[{"embeddable":true,"href":"https:\/\/automototransportas.lt\/index.php\/wp-json\/wp\/v2\/media\/149"}],"wp:attachment":[{"href":"https:\/\/automototransportas.lt\/index.php\/wp-json\/wp\/v2\/media?parent=148"}],"wp:term":[{"taxonomy":"category","embeddable":true,"href":"https:\/\/automototransportas.lt\/index.php\/wp-json\/wp\/v2\/categories?post=148"},{"taxonomy":"post_tag","embeddable":true,"href":"https:\/\/automototransportas.lt\/index.php\/wp-json\/wp\/v2\/tags?post=148"}],"curies":[{"name":"wp","href":"https:\/\/api.w.org\/{rel}","templated":true}]}}