
{"id":1322,"date":"2025-01-23T09:46:47","date_gmt":"2025-01-23T09:46:47","guid":{"rendered":"http:\/\/automototransportas.lt\/index.php\/2025\/01\/23\/ikrauti-ev-scout-motors-isitikines-kad-gaus-teise-parduoti-elektromobilius-tiesiogiai-klientams\/"},"modified":"2025-01-23T09:46:47","modified_gmt":"2025-01-23T09:46:47","slug":"ikrauti-ev-scout-motors-isitikines-kad-gaus-teise-parduoti-elektromobilius-tiesiogiai-klientams","status":"publish","type":"post","link":"https:\/\/automototransportas.lt\/index.php\/2025\/01\/23\/ikrauti-ev-scout-motors-isitikines-kad-gaus-teise-parduoti-elektromobilius-tiesiogiai-klientams\/","title":{"rendered":"\u012ekrauti EV | \u201eScout Motors\u201c \u012fsitikin\u0119s, kad gaus teis\u0119 parduoti elektromobilius tiesiogiai klientams"},"content":{"rendered":"<p> <br \/>\n<\/p>\n<div id=\"\">\n<p>2010-\u0173j\u0173 prad\u017eioje \u201eTesla\u201c i\u0161mu\u0161\u0117 kelet\u0105 plyt\u0173 i\u0161 prekybos tinklo sienos, skirian\u010dios automobili\u0173 gamintojus nuo vartotoj\u0173 JAV rinkoje. Ar ta siena kada nors greitai sugrius?<\/p>\n<p>Prekybos modelis, kai laisvalaikiui pritaikyti pardav\u0117jai \u0161oka auk\u0161to kamuolio ir \u017eemo kamuolio \u0161ok\u012f \u201epa\u017ei\u016br\u0117kime, k\u0105 galime padaryti\u201c, buvo anachronizmas, nes vartotojai \u012fprato pirkti prekes internetu. Daugumos nuomone, platintojai yra pagrindin\u0117 kli\u016btis diegti elektromobilius \u2013 dauguma pardav\u0117j\u0173 u\u017e Kalifornijos rib\u0173 lieka neinformuoti apie elektromobilius, nepaisant Chargeway ir kit\u0173 vykdom\u0173 \u0161vietimo program\u0173, o prekybos centrai ir toliau aktyviai kovoja prie\u0161 EV politik\u0105.<\/p>\n<p>Dabar Scout Motors, Volkswagen grup\u0117s prek\u0117s \u017eenklas, gaminantis tvirtas, visureigius elektrifikuotas transporto priemones, paskelb\u0117 apie planus parduoti savo sunkve\u017eimius tiesiogiai vartotojams, kai jie pasirodys 2027 m., su skaidria kainodara, internetiniais u\u017esakymais ir \u012fmonei priklausan\u010diomis parduotuv\u0117mis. Prekiautoj\u0173 grup\u0117s jau organizuoja teisinius i\u0161\u0161\u016bkius.<\/p>\n<figure class=\"wp-block-gallery has-nested-images columns-default is-cropped wp-block-gallery-1 is-layout-flex wp-block-gallery-is-layout-flex\">\n<figure class=\"wp-block-image size-large\"><\/figure>\n<figure class=\"wp-block-image size-large\"><img loading=\"lazy\" decoding=\"async\" width=\"1024\" height=\"988\" data-id=\"398884\" src=\"https:\/\/chargedevs.com\/wp-content\/uploads\/2024\/10\/Scout-Motors-unveils-EV-Terra-truck-Traveler-SUV-concepts4-1024x988.jpg\" alt=\"\" class=\"wp-image-398884\" srcset=\"https:\/\/b3088893.smushcdn.com\/3088893\/wp-content\/uploads\/2024\/10\/Scout-Motors-unveils-EV-Terra-truck-Traveler-SUV-concepts4-1024x988.jpg?lossy=1&amp;strip=1&amp;webp=1 1024w, https:\/\/b3088893.smushcdn.com\/3088893\/wp-content\/uploads\/2024\/10\/Scout-Motors-unveils-EV-Terra-truck-Traveler-SUV-concepts4-300x290.jpg?lossy=1&amp;strip=1&amp;webp=1 300w, https:\/\/b3088893.smushcdn.com\/3088893\/wp-content\/uploads\/2024\/10\/Scout-Motors-unveils-EV-Terra-truck-Traveler-SUV-concepts4-768x741.jpg?lossy=1&amp;strip=1&amp;webp=1 768w, https:\/\/b3088893.smushcdn.com\/3088893\/wp-content\/uploads\/2024\/10\/Scout-Motors-unveils-EV-Terra-truck-Traveler-SUV-concepts4-1536x1482.jpg?lossy=1&amp;strip=1&amp;webp=1 1536w, https:\/\/b3088893.smushcdn.com\/3088893\/wp-content\/uploads\/2024\/10\/Scout-Motors-unveils-EV-Terra-truck-Traveler-SUV-concepts4-138x133.jpg?lossy=1&amp;strip=1&amp;webp=1 138w, https:\/\/b3088893.smushcdn.com\/3088893\/wp-content\/uploads\/2024\/10\/Scout-Motors-unveils-EV-Terra-truck-Traveler-SUV-concepts4.jpg?lossy=1&amp;strip=1&amp;webp=1 1800w\" sizes=\"auto, (max-width: 1024px) 100vw, 1024px\"\/><\/figure>\n<figure class=\"wp-block-image size-large\"><img loading=\"lazy\" decoding=\"async\" width=\"1024\" height=\"756\" data-id=\"398882\" src=\"https:\/\/chargedevs.com\/wp-content\/uploads\/2024\/10\/Scout-Motors-unveils-EV-Terra-truck-Traveler-SUV-concepts2-1024x756.jpg\" alt=\"\" class=\"wp-image-398882\" srcset=\"https:\/\/b3088893.smushcdn.com\/3088893\/wp-content\/uploads\/2024\/10\/Scout-Motors-unveils-EV-Terra-truck-Traveler-SUV-concepts2-1024x756.jpg?lossy=1&amp;strip=1&amp;webp=1 1024w, https:\/\/b3088893.smushcdn.com\/3088893\/wp-content\/uploads\/2024\/10\/Scout-Motors-unveils-EV-Terra-truck-Traveler-SUV-concepts2-300x222.jpg?lossy=1&amp;strip=1&amp;webp=1 300w, https:\/\/b3088893.smushcdn.com\/3088893\/wp-content\/uploads\/2024\/10\/Scout-Motors-unveils-EV-Terra-truck-Traveler-SUV-concepts2-768x567.jpg?lossy=1&amp;strip=1&amp;webp=1 768w, https:\/\/b3088893.smushcdn.com\/3088893\/wp-content\/uploads\/2024\/10\/Scout-Motors-unveils-EV-Terra-truck-Traveler-SUV-concepts2-180x133.jpg?lossy=1&amp;strip=1&amp;webp=1 180w, https:\/\/b3088893.smushcdn.com\/3088893\/wp-content\/uploads\/2024\/10\/Scout-Motors-unveils-EV-Terra-truck-Traveler-SUV-concepts2.jpg?lossy=1&amp;strip=1&amp;webp=1 1200w\" sizes=\"auto, (max-width: 1024px) 100vw, 1024px\"\/><\/figure>\n<figure class=\"wp-block-image size-large\"><img loading=\"lazy\" decoding=\"async\" width=\"1024\" height=\"687\" data-id=\"398889\" src=\"https:\/\/chargedevs.com\/wp-content\/uploads\/2024\/10\/Scout-Motors-unveils-EV-Terra-truck-Traveler-SUV-concepts9-1024x687.jpg\" alt=\"\" class=\"wp-image-398889\" srcset=\"https:\/\/b3088893.smushcdn.com\/3088893\/wp-content\/uploads\/2024\/10\/Scout-Motors-unveils-EV-Terra-truck-Traveler-SUV-concepts9-1024x687.jpg?lossy=1&amp;strip=1&amp;webp=1 1024w, https:\/\/b3088893.smushcdn.com\/3088893\/wp-content\/uploads\/2024\/10\/Scout-Motors-unveils-EV-Terra-truck-Traveler-SUV-concepts9-300x201.jpg?lossy=1&amp;strip=1&amp;webp=1 300w, https:\/\/b3088893.smushcdn.com\/3088893\/wp-content\/uploads\/2024\/10\/Scout-Motors-unveils-EV-Terra-truck-Traveler-SUV-concepts9-768x515.jpg?lossy=1&amp;strip=1&amp;webp=1 768w, https:\/\/b3088893.smushcdn.com\/3088893\/wp-content\/uploads\/2024\/10\/Scout-Motors-unveils-EV-Terra-truck-Traveler-SUV-concepts9-198x133.jpg?lossy=1&amp;strip=1&amp;webp=1 198w, https:\/\/b3088893.smushcdn.com\/3088893\/wp-content\/uploads\/2024\/10\/Scout-Motors-unveils-EV-Terra-truck-Traveler-SUV-concepts9.jpg?lossy=1&amp;strip=1&amp;webp=1 1200w\" sizes=\"auto, (max-width: 1024px) 100vw, 1024px\"\/><\/figure>\n<figure class=\"wp-block-image size-large\"><img loading=\"lazy\" decoding=\"async\" width=\"1024\" height=\"577\" data-id=\"398886\" src=\"https:\/\/chargedevs.com\/wp-content\/uploads\/2024\/10\/Scout-Motors-unveils-EV-Terra-truck-Traveler-SUV-concepts6-1024x577.jpg\" alt=\"\" class=\"wp-image-398886\" srcset=\"https:\/\/b3088893.smushcdn.com\/3088893\/wp-content\/uploads\/2024\/10\/Scout-Motors-unveils-EV-Terra-truck-Traveler-SUV-concepts6-1024x577.jpg?lossy=1&amp;strip=1&amp;webp=1 1024w, https:\/\/b3088893.smushcdn.com\/3088893\/wp-content\/uploads\/2024\/10\/Scout-Motors-unveils-EV-Terra-truck-Traveler-SUV-concepts6-300x169.jpg?lossy=1&amp;strip=1&amp;webp=1 300w, https:\/\/b3088893.smushcdn.com\/3088893\/wp-content\/uploads\/2024\/10\/Scout-Motors-unveils-EV-Terra-truck-Traveler-SUV-concepts6-768x433.jpg?lossy=1&amp;strip=1&amp;webp=1 768w, https:\/\/b3088893.smushcdn.com\/3088893\/wp-content\/uploads\/2024\/10\/Scout-Motors-unveils-EV-Terra-truck-Traveler-SUV-concepts6-200x113.jpg?lossy=1&amp;strip=1&amp;webp=1 200w, https:\/\/b3088893.smushcdn.com\/3088893\/wp-content\/uploads\/2024\/10\/Scout-Motors-unveils-EV-Terra-truck-Traveler-SUV-concepts6.jpg?lossy=1&amp;strip=1&amp;webp=1 1200w\" sizes=\"auto, (max-width: 1024px) 100vw, 1024px\"\/><\/figure>\n<\/figure>\n<p class=\"has-text-align-center\"><em>Nuotraukos Johno Voelckerio<\/em><\/p>\n<p>\u201eInsideEVs\u201c atstovas Mackas Hoganas ra\u0161o, kad \u201eVolkswagen\u201c pardav\u0117jai \u201epyksta\u201c, kad \u201eScout\u201c planuoja juos i\u0161braukti i\u0161 vaizdo, ir tvirtina, kad jie jau seniai nor\u0117jo, kad VW pasi\u016blyt\u0173 tokio tipo transporto priemones JAV rinkoje (grei\u010diausiai be elektrini\u0173 j\u0117gos pavar\u0173). \u201eTiesiog parodyti \u0161ias naujas transporto priemones, kurios b\u016bt\u0173 labai gra\u017eiai tilpusios \u012f VW portfel\u012f, tai tarsi \u012ftrinti drusk\u0105 \u012f \u017eaizd\u0105\u201c, \u2013 \u201eAutomotive News\u201c sak\u0117 Nacionalin\u0117s automobili\u0173 pardav\u0117j\u0173 asociacijos generalinis direktorius Mike&#8217;as Stantonas.<\/p>\n<p>Kalifornijos prekiautojai planuoja pareik\u0161ti ie\u0161kin\u012f, teigdami, kad Scout konkuruoja su VW pardav\u0117jais, o tai yra mirtina nuod\u0117m\u0117 pagal valstijos fran\u0161iz\u0117s \u012fstatymus. Scout tvirtina, kad tai kita \u012fmon\u0117 nei VW. (Hmmm&#8230; ar tai gali b\u016bti prie\u017eastis, d\u0117l kurios senieji automobili\u0173 gamintojai steigia naujas dukterines \u012fmones savo elektromobiliams parduoti?)<\/p>\n<p>Skaut\u0173 vadovai tiki, kad jiems pavyks i\u0161vengti teisini\u0173 i\u0161\u0161\u016bki\u0173. \u201eEsame labai \u012fsitikin\u0119, kad laim\u0117sime\u201c, \u2013 \u201eInsideEVs\u201c sak\u0117 \u201eScout Motors\u201c augimo viceprezidentas Cody Thackeris. \u201eManome, kad turime teising\u0105 pozicij\u0105, ir niekada n\u0117ra bloga vieta pasisakyti u\u017e vartotoj\u0173 pasirinkim\u0105 ir vartotoj\u0173 laisv\u0119 perkant automobil\u012f.<\/p>\n<p class=\"has-text-align-center\"><strong>DAUGIAU: \u201eScout Motors\u201c pristato EV Terra sunkve\u017eim\u012f, \u201eTraveler\u201c visureigi\u0173 koncepcijas, \u012fskaitant kombain\u0173 asortimento i\u0161pl\u0117tim\u0105<\/strong><\/p>\n<p>Automobili\u0173 prekiautoj\u0173 grupi\u0173 teiginiai yra \u201eto, ko galima tik\u0117tis i\u0161 lobistin\u0117s organizacijos\u201c, \u2013 prid\u016br\u0117 Thackeris. \u201eTo galima tik\u0117tis i\u0161 prekybos asociacijos. Mes netikime, kad teiginiai yra pagr\u012fsti.<\/p>\n<p>\u201eMan nekyla abejoni\u0173, kad jei galime pasi\u016blyti skaidr\u0173, skland\u0173, greit\u0105 ir tikrai malon\u0173 pirkimo proces\u0105, tai mes ir darome\u201c, \u2013 \u201eInsideEVs\u201c sak\u0117 Scout generalinis direktorius Scottas Keoghas. \u201eManau, kad \u0161iuos dalykus tur\u0117t\u0173 nuspr\u0119sti Amerikos vartotojas, o \u012fmon\u0117s tur\u0117t\u0173 kurti naujoves ir konkuruoti. A\u0161 leisiu rinkai kalb\u0117ti\u201c.<\/p>\n<p>Tikriausiai per daugel\u012f met\u0173 teisin\u0117s kovos bus kovojamos kiekviena valstyb\u0117 nar\u0117 (kaip yra Teslos tebesit\u0119sian\u010dios sagos atveju), ir ponas Hoganas pa\u017eymi, kad Scout neb\u016btinai turi laim\u0117ti kiekvienoje valstijoje. Rivianas ir Tesla apeina vietinius draudimus tiesiog sutvarkydami pardavimo dokumentus vienoje valstijoje, o pristatydami transporto priemon\u0119 kitoje. Paslaug\u0173 centr\u0173 steigimas yra sud\u0117tingesnis reikalas, ta\u010diau ponas Thackeris mano, kad Scout sugeb\u0117s su tuo susitvarkyti. \u201ePer penkerius metus nuo m\u016bs\u0173 paleidimo tur\u0117sime 100 stog\u0173 Jungtin\u0117se Valstijose ir Kanadoje\u201c, \u2013 sak\u0117 jis. \u201eVisos \u0161ios vietos bus per daug indeksuojamos paslaug\u0173 infrastrukt\u016broje.<\/p>\n<p><em>\u0160altinis: <\/em><em>InsideEVs<\/em><\/p>\n<div class=\"mobile-ad after-first-p\">\n<div class=\"g g-14\">\n<div class=\"g-single a-610\"><img decoding=\"async\" src=\"https:\/\/chargedevs.com\/wp-content\/uploads\/2024\/12\/Starline-Industrial3rdParty_Banner_300x250.gif\"\/><\/div>\n<\/div><\/div>\n<\/p><\/div>\n<p><script type=\"text\/javascript\">\n!function(f,b,e,v,n,t,s){if(f.fbq)return;n=f.fbq=function(){n.callMethod?\nn.callMethod.apply(n,arguments):n.queue.push(arguments)};if(!f._fbq)f._fbq=n;\nn.push=n;n.loaded=!0;n.version='2.0';n.queue=();t=b.createElement(e);t.async=!0;\nt.src=v;s=b.getElementsByTagName(e)(0);s.parentNode.insertBefore(t,s)}(window,\ndocument,'script','https:\/\/connect.facebook.net\/en_US\/fbevents.js?v=next');\n<\/script><br \/>\n<br \/><br \/>\n<br \/><a href=\"https:\/\/chargedevs.com\/newswire\/scout-motors-is-confident-it-will-win-the-right-to-sell-evs-directly-to-customers\/\">Source link <\/a><\/p>\n","protected":false},"excerpt":{"rendered":"<p>2010-\u0173j\u0173 prad\u017eioje \u201eTesla\u201c i\u0161mu\u0161\u0117 kelet\u0105 plyt\u0173 i\u0161 prekybos tinklo sienos, skirian\u010dios automobili\u0173 gamintojus nuo vartotoj\u0173 JAV rinkoje. Ar ta siena kada nors greitai sugrius? Prekybos modelis, kai laisvalaikiui pritaikyti pardav\u0117jai [&hellip;]<\/p>\n","protected":false},"author":1,"featured_media":1323,"comment_status":"","ping_status":"","sticky":false,"template":"","format":"standard","meta":{"om_disable_all_campaigns":false,"_monsterinsights_skip_tracking":false,"_monsterinsights_sitenote_active":false,"_monsterinsights_sitenote_note":"","_monsterinsights_sitenote_category":0,"footnotes":""},"categories":[20],"tags":[716,1368,21,2708,37,2711,1036,2709,1018,920,2710],"class_list":["post-1322","post","type-post","status-publish","format-standard","has-post-thumbnail","hentry","category-elektriniai-automobiliai","tag-elektromobilius","tag-gaus","tag-ikrauti","tag-isitikines","tag-kad","tag-klientams","tag-motors","tag-parduoti","tag-scout","tag-teise","tag-tiesiogiai"],"aioseo_notices":[],"_links":{"self":[{"href":"https:\/\/automototransportas.lt\/index.php\/wp-json\/wp\/v2\/posts\/1322","targetHints":{"allow":["GET"]}}],"collection":[{"href":"https:\/\/automototransportas.lt\/index.php\/wp-json\/wp\/v2\/posts"}],"about":[{"href":"https:\/\/automototransportas.lt\/index.php\/wp-json\/wp\/v2\/types\/post"}],"author":[{"embeddable":true,"href":"https:\/\/automototransportas.lt\/index.php\/wp-json\/wp\/v2\/users\/1"}],"replies":[{"embeddable":true,"href":"https:\/\/automototransportas.lt\/index.php\/wp-json\/wp\/v2\/comments?post=1322"}],"version-history":[{"count":0,"href":"https:\/\/automototransportas.lt\/index.php\/wp-json\/wp\/v2\/posts\/1322\/revisions"}],"wp:featuredmedia":[{"embeddable":true,"href":"https:\/\/automototransportas.lt\/index.php\/wp-json\/wp\/v2\/media\/1323"}],"wp:attachment":[{"href":"https:\/\/automototransportas.lt\/index.php\/wp-json\/wp\/v2\/media?parent=1322"}],"wp:term":[{"taxonomy":"category","embeddable":true,"href":"https:\/\/automototransportas.lt\/index.php\/wp-json\/wp\/v2\/categories?post=1322"},{"taxonomy":"post_tag","embeddable":true,"href":"https:\/\/automototransportas.lt\/index.php\/wp-json\/wp\/v2\/tags?post=1322"}],"curies":[{"name":"wp","href":"https:\/\/api.w.org\/{rel}","templated":true}]}}