
{"id":1309,"date":"2025-01-21T13:45:26","date_gmt":"2025-01-21T13:45:26","guid":{"rendered":"https:\/\/automototransportas.lt\/index.php\/2025\/01\/21\/2025-m-bmw-i7-elektrinis-flagmanas-sedanas-perkeliamas-nepakites\/"},"modified":"2025-01-21T13:45:26","modified_gmt":"2025-01-21T13:45:26","slug":"2025-m-bmw-i7-elektrinis-flagmanas-sedanas-perkeliamas-nepakites","status":"publish","type":"post","link":"https:\/\/automototransportas.lt\/index.php\/2025\/01\/21\/2025-m-bmw-i7-elektrinis-flagmanas-sedanas-perkeliamas-nepakites\/","title":{"rendered":"2025 m. BMW i7 elektrinis flagmanas sedanas perkeliamas nepakit\u0119s"},"content":{"rendered":"<p> <br \/>\n<\/p>\n<div id=\"\">\n<p>2025 m. BMW i7 \u2013 visi\u0161kai elektrin\u0117 automobili\u0173 gamintojo flagmano 7 serijos versija, perkeliama \u012f naujus modelio metus nepakitusi.<\/p>\n<p>S\u0105ra\u0161e nurodyta kaina net i\u0161lieka ta pati, nors privalomo paskirties mokes\u010dio padidinimas nuo 995 USD iki 1 175 USD \u0161iek tiek padidina faktines \u201ei7\u201c i\u0161laidas. Trij\u0173 pakop\u0173 serija vis dar prasideda vieno variklio galiniais ratais varomu i7 eDrive50, kuris dabar <strong>kainuoja 106 875 USD<\/strong> su didesniu paskirties mokes\u010diu.<\/p>\n<p><span id=\"static-marker-video-player-primis\"\/><\/p>\n<div class=\"image_wrapper first_wrapper\"><\/p>\n<p>2025 m. BMW i7<\/p>\n<\/div>\n<p>Dviej\u0173 varikli\u0173 vis\u0173 varan\u010di\u0173j\u0173 rat\u0173 pavara i7 xDrive60 padidina galia varomo modelio 449 AG gali\u0105 iki 536 AG ir kainuoja 125 375 USD. Tai versija, kuri\u0105 i\u0161 prad\u017ei\u0173 vairavome, kai i7 buvo pristatytas kaip 2023 m. modelis, ir mes <strong>pasirod\u0117 \u0161okiruojan\u010diai gerai<\/strong> atsi\u017evelgiant \u012f tai, kad jis tiek daug dalijasi su benzininiais 7 serijos sedanais.<\/p>\n<p>2024 m. BMW prid\u0117jo sporti\u0161kesn\u012f dviej\u0173 varikli\u0173 \u201ei7 M70\u201c su 650 AG, kuris, kaip teigia automobili\u0173 gamintojas, \u0161i\u0105 \u201ei7\u201c versij\u0105 \u012fgaus nuo 0 iki 60 myli\u0173 per valand\u0105 per 3,5 sekund\u0117s. Jis gr\u0105\u017einamas 2025 m. su 169 675 USD lipduko kaina, kai atsi\u017evelgiama \u012f paskirties viet\u0105.<\/p>\n<div class=\"image_wrapper\"><img loading=\"lazy\" decoding=\"async\" name=\"tccimg_100954366_m\" title=\"2025 m. BMW i7\" alt=\"2025 m. BMW i7\" width=\"640\" height=\"360\" data-width=\"1024\" data-height=\"576\" data-url=\"https:\/\/images.hgmsites.net\/lrg\/2025-bmw-i7_100954366_l.webp\" src-h=\"https:\/\/images.hgmsites.net\/hug\/2025-bmw-i7_100954366_h.webp\" src=\"https:\/\/images.hgmsites.net\/lrg\/2025-bmw-i7_100954366_l.webp\" src-l=\"https:\/\/images.hgmsites.net\/lrg\/2025-bmw-i7_100954366_l.webp\" src-m=\"https:\/\/images.hgmsites.net\/med\/2025-bmw-i7_100954366_m.webp\" src-s=\"https:\/\/images.hgmsites.net\/sml\/2025-bmw-i7_100954366_s.webp\" class=\"lazy\"\/><\/p>\n<p>2025 m. BMW i7<\/p>\n<\/div>\n<p>Visi i7 modeliai naudoja a <strong>101,7 kWh baterija<\/strong> kuris suteikia maksimum\u0105 <strong>314 myli\u0173 EPA diapazonas<\/strong> eDrive50 modeliuose su 19 coli\u0173 ratais (ma\u017eiausiais turimais). \u201exDrive60\u201c ir \u201eM70\u201c maksimaliai nuva\u017eiuoja atitinkamai 311 myli\u0173 ir 285 myli\u0173. V\u0117lgi, tai priklauso nuo rato pasirinkimo. BMW teigimu, \u201ei7\u201c turi 11 kW galios \u012fkrovikl\u012f ir gali greitai \u012fkrauti nuolatin\u0119 srov\u0119 iki 195 kW, tod\u0117l per 10 minu\u010di\u0173 gali nuva\u017eiuoti 80 myli\u0173.<\/p>\n<p>i7 yra vienas i\u0161 keli\u0173 kurso pataisym\u0173, kuriuos BMW padar\u0117 savo elektromobili\u0173 planuose. Po santykinai l\u0117to i3 he\u010dbeko pardavimo, BMW persiorientavo \u012f elektrinius automobilius, pagr\u012fstus degimo modeliais, ir suk\u016br\u0117 i7 bei kitus dabartinius modelius, tokius kaip i4 ir i5. Ta\u010diau BMW gr\u012f\u017eta prie tam skirt\u0173 EV su savo Neue Klasse modeliais, i\u0161 kuri\u0173 pirmasis yra <strong>dabar paruo\u0161iamoje gamyboje<\/strong>skirtas Europos rinkai, prie\u0161 planuojam\u0105 pristatym\u0105 ten v\u0117liau \u0161iais metais.<\/p>\n<\/p><\/div>\n<p><br \/>\n<br \/><a href=\"https:\/\/www.greencarreports.com\/news\/1145499_2025-bmw-i7-price\">Source link <\/a><\/p>\n","protected":false},"excerpt":{"rendered":"<p>2025 m. BMW i7 \u2013 visi\u0161kai elektrin\u0117 automobili\u0173 gamintojo flagmano 7 serijos versija, perkeliama \u012f naujus modelio metus nepakitusi. S\u0105ra\u0161e nurodyta kaina net i\u0161lieka ta pati, nors privalomo paskirties mokes\u010dio [&hellip;]<\/p>\n","protected":false},"author":1,"featured_media":1310,"comment_status":"","ping_status":"","sticky":false,"template":"","format":"standard","meta":{"om_disable_all_campaigns":false,"_monsterinsights_skip_tracking":false,"_monsterinsights_sitenote_active":false,"_monsterinsights_sitenote_note":"","_monsterinsights_sitenote_category":0,"footnotes":""},"categories":[20],"tags":[545,159,2687,2690,2689,2688],"class_list":["post-1309","post","type-post","status-publish","format-standard","has-post-thumbnail","hentry","category-elektriniai-automobiliai","tag-bmw","tag-elektrinis","tag-flagmanas","tag-nepakites","tag-perkeliamas","tag-sedanas"],"aioseo_notices":[],"_links":{"self":[{"href":"https:\/\/automototransportas.lt\/index.php\/wp-json\/wp\/v2\/posts\/1309","targetHints":{"allow":["GET"]}}],"collection":[{"href":"https:\/\/automototransportas.lt\/index.php\/wp-json\/wp\/v2\/posts"}],"about":[{"href":"https:\/\/automototransportas.lt\/index.php\/wp-json\/wp\/v2\/types\/post"}],"author":[{"embeddable":true,"href":"https:\/\/automototransportas.lt\/index.php\/wp-json\/wp\/v2\/users\/1"}],"replies":[{"embeddable":true,"href":"https:\/\/automototransportas.lt\/index.php\/wp-json\/wp\/v2\/comments?post=1309"}],"version-history":[{"count":0,"href":"https:\/\/automototransportas.lt\/index.php\/wp-json\/wp\/v2\/posts\/1309\/revisions"}],"wp:featuredmedia":[{"embeddable":true,"href":"https:\/\/automototransportas.lt\/index.php\/wp-json\/wp\/v2\/media\/1310"}],"wp:attachment":[{"href":"https:\/\/automototransportas.lt\/index.php\/wp-json\/wp\/v2\/media?parent=1309"}],"wp:term":[{"taxonomy":"category","embeddable":true,"href":"https:\/\/automototransportas.lt\/index.php\/wp-json\/wp\/v2\/categories?post=1309"},{"taxonomy":"post_tag","embeddable":true,"href":"https:\/\/automototransportas.lt\/index.php\/wp-json\/wp\/v2\/tags?post=1309"}],"curies":[{"name":"wp","href":"https:\/\/api.w.org\/{rel}","templated":true}]}}