
{"id":1609,"date":"2025-02-20T06:48:05","date_gmt":"2025-02-20T06:48:05","guid":{"rendered":"http:\/\/automototransportas.lt\/index.php\/2025\/02\/20\/volvo-es90-tech-stack-kad-butu-galima-nustatyti-automobiliu-gamintojo-ateiti\/"},"modified":"2025-02-20T06:48:05","modified_gmt":"2025-02-20T06:48:05","slug":"volvo-es90-tech-stack-kad-butu-galima-nustatyti-automobiliu-gamintojo-ateiti","status":"publish","type":"post","link":"http:\/\/automototransportas.lt\/index.php\/2025\/02\/20\/volvo-es90-tech-stack-kad-butu-galima-nustatyti-automobiliu-gamintojo-ateiti\/","title":{"rendered":"\u201eVolvo ES90 Tech Stack\u201c, kad b\u016bt\u0173 galima nustatyti automobili\u0173 gamintojo ateit\u012f"},"content":{"rendered":"<p> <br \/>\n<\/p>\n<div id=\"\">\n<ul>\n<li><strong>\u201eES90 Electric Sedan\u201c debiutuos galingiausius skai\u010diavimo paj\u0117gumus, vis\u0173 laik\u0173 \u201eVolvo\u201c<\/strong><\/li>\n<li><strong>\u201eEx90 Electric\u201c visureigis gaus t\u0105 pat\u012f apdorojimo atnaujinim\u0105, bus atnaujintas kaip modifikuotas<\/strong><\/li>\n<li><strong>Palaikys AI pagr\u012fstas funkcijas, efektyvesn\u012f akumuliatoriaus valdym\u0105<\/strong><\/li>\n<\/ul>\n<p>Kita \u201eVolvo\u201c elektromobil\u0117 bus sukurta ant neseniai \u012fvestos technologijos kamino su dar galingesne skai\u010diavimo aparatine \u012franga, tre\u010diadien\u012f atskleid\u0117 bendrov\u0117.<\/p>\n<p>\u201eVolvo ES90\u201c sedanas pirm\u0105 kart\u0105 buvo erzinamas pra\u0117jus\u012f ruden\u012f ir bus visi\u0161kai atskleistas kovo 5 d. Prie\u0161 tai atskleidus, jis pateik\u0117 tam tikr\u0105 detal\u0119 apie pagrindin\u0119 \u201eES90\u201c technologij\u0105, kuri\u0105 automobili\u0173 gamintojas \u017eada b\u016bti \u017eingsnis nuo to, kas jau yra \u012fdiegta dabartiniuose modeliuose.<\/p>\n<p><span id=\"static-marker-video-player-primis\"\/><\/p>\n<p>\u201eES90\u201c bus \u201eNVIDIA Drive Agx Orin Computing\u201c platforma, kurios galimyb\u0117 bus ma\u017edaug 508 trilijon\u0173 vir\u0161\u016bni\u0173, kurios suteiks sedanui galingiausi\u0105 bet kurio \u201eVolvo\u201c pagrindin\u0119 skai\u010diavimo talp\u0105. \u201eVolvo\u201c teigia, kad \u0161i skai\u010diavimo galia reikalinga palaikant <strong>AI pagr\u012fstos funkcijos<\/strong>sud\u0117tingesn\u0117s saugos technologijos, laive esantys jutikliai ir a <strong>Efektyvesnis akumuliatori\u0173 valdymas<\/strong> sistema.<\/p>\n<p>\u0160i nauja skai\u010diavimo aparatin\u0117 \u012franga padidins \u201eVolvo\u201c \u201eSuperset Tech Stack\u201c, kuris buvo pristatytas \u201eEX90 Electric\u201c visureigyje, nors, kaip \u201eVolvo\u201c patvirtino \u201eGreen Car Reports\u201c, \u201eEX90\u201c taip pat bus modifikuotas, naudojant laik\u0105 ir i\u0161sami\u0105 informacij\u0105 apie dar nepatvirtint\u0105 informacij\u0105. \u0160i supaprastinta aparatin\u0117s ir programin\u0117s \u012frangos kolekcija yra \u201eVolvo\u201c bandymas realizuoti programin\u0117s \u012frangos apibr\u0117\u017etos transporto priemon\u0117s ateit\u012f, leid\u017eian\u010di\u0105 daugiau programin\u0117s \u012frangos pagr\u012fst\u0173 funkcij\u0173, pastumt\u0173 per greitesnius (OTA) atnaujinimus.<\/p>\n<div class=\"image_wrapper first_wrapper\"><\/p>\n<p>2025 m. \u201eVolvo Ex90\u201c<\/p>\n<\/div>\n<p>\u201eES90\u201c taip pat dalinsis \u201eVolvo\u201c SPA2 platforma su <strong>EX90 ir 3 \u201ePolestar\u201c<\/strong>o ne naujos kartos SPA3 kei\u010diama architekt\u016bra, atvykstanti 2026 m. D\u0117l elektrin\u0117s alternatyvos dabartiniam \u201eVolvo XC60\u201c. Ta\u010diau automobili\u0173 gamintojas teigia labiau domisi programine \u012franga, kuri, jos teigimu, \u201edabar pakei\u010dia aparatin\u0119 \u012frang\u0105 kaip pagrindin\u012f m\u016bs\u0173 klient\u0173 inovacij\u0173 ir vert\u0117s k\u016brimo varikl\u012f\u201c.<\/p>\n<p>Atsi\u017evelgiant \u012f tradicin\u012f \u201eVolvo\u201c akcentavim\u0105 \u012f saug\u0105, \u201eES90\u201c bus jutikli\u0173 masyvas, kur\u012f sudarys vienas lidaro blokas, penki radaro blokai, a\u0161tuonios kameros ir 12 ultragarsini\u0173 jutikli\u0173, taip pat \u201epa\u017eengusios vairuotoj\u0173 supratimo sistemos\u201c, \u017ei\u016brin\u010di\u0105 \u012f vid\u0173. Tai leis v\u0117liau i\u0161spr\u0119sti vairuotojo ir saugos funkcijas.<\/p>\n<p>\u201eVolvo\u201c pasukimas <strong>Programin\u0117s \u012frangos apibr\u0117\u017etos transporto priemon\u0117s<\/strong> neprad\u0117jo stipriai. Po v\u0117lavim\u0173 d\u0117l \u0161ios svarbios programin\u0117s \u012frangos, \u201eEX90\u201c prad\u0117jo gaminti pra\u0117jusi\u0173 met\u0173 bir\u017eel\u012f, ta\u010diau pirmieji klient\u0173 automobiliai atvyko su akumuliatoriaus nutek\u0117jimo problema ir be kai kuri\u0173 pa\u017ead\u0117t\u0173 funkcij\u0173. \u201eVolvo\u201c taip pat nebuvo pasireng\u0119s naudoti \u201eEx90\u201c \u201eLidar\u201c \u012frenginiui, ta\u010diau galb\u016bt jis ras j\u012f iki to laiko, kai \u201eES90\u201c ateis sportuojantis t\u0105 pat\u012f jutikl\u012f.<\/p>\n<\/p><\/div>\n<p><br \/>\n<br \/><a href=\"https:\/\/www.greencarreports.com\/news\/1145785_volvo-es90-tech-stack-to-set-future-for-automaker\">Source link <\/a><\/p>\n","protected":false},"excerpt":{"rendered":"<p>\u201eES90 Electric Sedan\u201c debiutuos galingiausius skai\u010diavimo paj\u0117gumus, vis\u0173 laik\u0173 \u201eVolvo\u201c \u201eEx90 Electric\u201c visureigis gaus t\u0105 pat\u012f apdorojimo atnaujinim\u0105, bus atnaujintas kaip modifikuotas Palaikys AI pagr\u012fstas funkcijas, efektyvesn\u012f akumuliatoriaus valdym\u0105 Kita [&hellip;]<\/p>\n","protected":false},"author":1,"featured_media":1610,"comment_status":"","ping_status":"","sticky":false,"template":"","format":"standard","meta":{"om_disable_all_campaigns":false,"_monsterinsights_skip_tracking":false,"_monsterinsights_sitenote_active":false,"_monsterinsights_sitenote_note":"","_monsterinsights_sitenote_category":0,"footnotes":""},"categories":[20],"tags":[3205,23,1561,3201,2837,3204,37,3203,3202,1749,1776],"class_list":["post-1609","post","type-post","status-publish","format-standard","has-post-thumbnail","hentry","category-elektriniai-automobiliai","tag-ateiti","tag-automobiliu","tag-butu","tag-es90","tag-galima","tag-gamintojo","tag-kad","tag-nustatyti","tag-stack","tag-tech","tag-volvo"],"aioseo_notices":[],"_links":{"self":[{"href":"http:\/\/automototransportas.lt\/index.php\/wp-json\/wp\/v2\/posts\/1609","targetHints":{"allow":["GET"]}}],"collection":[{"href":"http:\/\/automototransportas.lt\/index.php\/wp-json\/wp\/v2\/posts"}],"about":[{"href":"http:\/\/automototransportas.lt\/index.php\/wp-json\/wp\/v2\/types\/post"}],"author":[{"embeddable":true,"href":"http:\/\/automototransportas.lt\/index.php\/wp-json\/wp\/v2\/users\/1"}],"replies":[{"embeddable":true,"href":"http:\/\/automototransportas.lt\/index.php\/wp-json\/wp\/v2\/comments?post=1609"}],"version-history":[{"count":0,"href":"http:\/\/automototransportas.lt\/index.php\/wp-json\/wp\/v2\/posts\/1609\/revisions"}],"wp:featuredmedia":[{"embeddable":true,"href":"http:\/\/automototransportas.lt\/index.php\/wp-json\/wp\/v2\/media\/1610"}],"wp:attachment":[{"href":"http:\/\/automototransportas.lt\/index.php\/wp-json\/wp\/v2\/media?parent=1609"}],"wp:term":[{"taxonomy":"category","embeddable":true,"href":"http:\/\/automototransportas.lt\/index.php\/wp-json\/wp\/v2\/categories?post=1609"},{"taxonomy":"post_tag","embeddable":true,"href":"http:\/\/automototransportas.lt\/index.php\/wp-json\/wp\/v2\/tags?post=1609"}],"curies":[{"name":"wp","href":"https:\/\/api.w.org\/{rel}","templated":true}]}}