
{"id":1479,"date":"2025-02-11T14:18:17","date_gmt":"2025-02-11T14:18:17","guid":{"rendered":"http:\/\/automototransportas.lt\/index.php\/2025\/02\/11\/porsche-911-dakar-kaip-pranesama-grizta-su-hibridine-galia\/"},"modified":"2025-02-11T14:18:17","modified_gmt":"2025-02-11T14:18:17","slug":"porsche-911-dakar-kaip-pranesama-grizta-su-hibridine-galia","status":"publish","type":"post","link":"http:\/\/automototransportas.lt\/index.php\/2025\/02\/11\/porsche-911-dakar-kaip-pranesama-grizta-su-hibridine-galia\/","title":{"rendered":"\u201ePorsche 911 Dakar\u201c, kaip prane\u0161ama, gr\u012f\u017eta su hibridine galia"},"content":{"rendered":"<p> <br \/>\n<\/p>\n<div id=\"\">\n<ul>\n<li><strong>Prane\u0161ama<\/strong><\/li>\n<li><strong>Tikimasi, kad formul\u0117 i\u0161liks tokia pati, ta\u010diau su naujuoju \u201ePorsche\u201c \u201eT-hibridu<\/strong><\/li>\n<li><strong>Hibridin\u0117s technologijos prid\u0117jimas tur\u0117t\u0173 pagerinti tiek na\u0161um\u0105, tiek efektyvum\u0105<\/strong><\/li>\n<\/ul>\n<p>\u201ePorsche\u201c tvirtas 911 \u201eDakar\u201c gali b\u016bti nustatytas gr\u0105\u017einti kaip atnaujintos 992 kart\u0173 \u201ePorsche 911\u201c serijos dalis.<\/p>\n<p>Cituodamas anoniminius vyresnius \u0161altinius, \u201eAutocar\u201c antradien\u012f prane\u0161\u0117, kad \u201ePorsche\u201c planuoja sugr\u0105\u017einti 911 Dakar\u0105, <strong>Laikydami tai riboto leidimo<\/strong> Bet pridedant hibridin\u0119 j\u0117gos pavar\u0105 i\u0161 atnaujint\u0173 \u201eCarrera GTS\u201c. Prane\u0161ama, kad paleidimas planuojamas \u0161i\u0173 met\u0173 pabaigoje.<\/p>\n<p><span id=\"static-marker-video-player-primis\"\/><\/p>\n<p>Originalus 911 Dakaras buvo pasi\u016blytas tik 2023 modelio metams, a <strong>Ribotas 2500 automobili\u0173 va\u017eiavimas<\/strong>. Atnaujinimai ap\u0117m\u0117 2,0 coli\u0173 keltuvo rinkin\u012f vir\u0161 \u201eBase 911 Carrera\u201c, taip pat hidraulin\u0117s pak\u0117limo sistem\u0105, kuri padidina va\u017eiavimo auk\u0161t\u012f dar 1,2 colio. Standartin\u0117 vis\u0173 rat\u0173 pavara, fiksuotas galinio spoileris, i\u0161pjaustytos rat\u0173 arkos ir vis\u0173 terpi\u0173 padangos dar labiau pabr\u0117\u017e\u0117 jo tvirt\u0105 patrauklum\u0105, o did\u017eiausia 473 AG galia i\u0161 dviej\u0173 turbokompresori\u0173-3,0 litro plok\u0161\u010dio-6, pasiskolintas i\u0161 i\u0161 anksto atnaujinto i\u0161 prie\u0161 atnaujinto. Carrera GTS.<\/p>\n<p>Naudojant nauj\u0105 hibridin\u0119 j\u0117gos pavar\u0105, reik\u0117t\u0173 pagerinti gali\u0105 ir efektyvum\u0105 (taigi diapazon\u0105). J\u0117gos pavara, kuri <strong>\u201ePorsche\u201c vadina t-hibridu<\/strong>susideda i\u0161 kompakti\u0161ko ir lengvo elektrinio variklio, integruoto su 911 standartine 8 grei\u010di\u0173 dvigubos sankabos automatine transmisija. Elektrinis variklis pati sukuria 54 AG ir padeda duj\u0173 varikliui, \u0161iuo atveju naujai sukurtas 3,6 litro turbokompresoriaus plok\u0161\u010dias turbokompresorius, gaunantis 478 AG. Turbokompresorius taip pat pasi\u017eymi savo elektriniu varikliu, skirtu pagreitinti kompresoriaus rat\u0105 esant ma\u017eam apsisukim\u0173 apsisukim\u0173 per minut\u0119 grei\u010diui, u\u017etikrinant, kad padid\u0117jimo sl\u0117gis greitai vystosi.<\/p>\n<div class=\"image_wrapper first_wrapper\"><\/p>\n<p>2025 \u201ePorsche 911 Carrera GTS\u201c<\/p>\n<\/div>\n<p>Kombinuotas <strong>Did\u017eiausias sistemos i\u0161\u0117jimas yra 532 AG<\/strong>u\u017etenka 0\u201360 myli\u0173 per valand\u0105 grei\u010dio pagrei\u010diui per 2,9 sekund\u0117s \u201eCarrera GTS\u201c. Naujajame \u201e911 Dakar\u201c pagreitis gali b\u016bti l\u0117tesnis, nors ir potencialiai vis dar greitesnis nei originalus modelio 3,2 sekund\u0117s.<\/p>\n<p>\u201eAutocar\u201c taip pat prane\u0161\u0117, kad naujasis 911 \u201eDakar\u201c atvyks su statesne pradine kaina nei originalas, kuris <strong>buvo kaina nuo 223 450 USD<\/strong>\u012fskaitant 1 450 USD tikslo mokest\u012f.<\/p>\n<p>Tik\u0117tina, kad nauji kepsniai, naudojant \u201ePorsche&#8217;s Sonderwunsch\u201c personalizavimo program\u0105, gali b\u016bti pritaikytos dizaino. Pra\u0117jusiais metais \u201eSonderwunsch\u201c paskutin\u012fj\u012f i\u0161 2500 originali\u0173 \u201e911 Dakars\u201c dav\u0117 speciali\u0105 \u201eRothmans 911\u201c dizain\u0105 nuo 1984 m. Dakaro mitingo.<\/p>\n<\/p><\/div>\n<p><br \/>\n<br \/><a href=\"https:\/\/www.motorauthority.com\/news\/1145725_porsche-911-dakar-hybrid\">Source link <\/a><\/p>\n","protected":false},"excerpt":{"rendered":"<p>Prane\u0161ama Tikimasi, kad formul\u0117 i\u0161liks tokia pati, ta\u010diau su naujuoju \u201ePorsche\u201c \u201eT-hibridu Hibridin\u0117s technologijos prid\u0117jimas tur\u0117t\u0173 pagerinti tiek na\u0161um\u0105, tiek efektyvum\u0105 \u201ePorsche\u201c tvirtas 911 \u201eDakar\u201c gali b\u016bti nustatytas gr\u0105\u017einti kaip [&hellip;]<\/p>\n","protected":false},"author":1,"featured_media":1480,"comment_status":"","ping_status":"","sticky":false,"template":"","format":"standard","meta":{"om_disable_all_campaigns":false,"_monsterinsights_skip_tracking":false,"_monsterinsights_sitenote_active":false,"_monsterinsights_sitenote_note":"","_monsterinsights_sitenote_category":0,"footnotes":""},"categories":[20],"tags":[1550,331,1536,2981,182,757,2190],"class_list":["post-1479","post","type-post","status-publish","format-standard","has-post-thumbnail","hentry","category-elektriniai-automobiliai","tag-dakar","tag-galia","tag-grizta","tag-hibridine","tag-kaip","tag-porsche","tag-pranesama"],"aioseo_notices":[],"_links":{"self":[{"href":"http:\/\/automototransportas.lt\/index.php\/wp-json\/wp\/v2\/posts\/1479","targetHints":{"allow":["GET"]}}],"collection":[{"href":"http:\/\/automototransportas.lt\/index.php\/wp-json\/wp\/v2\/posts"}],"about":[{"href":"http:\/\/automototransportas.lt\/index.php\/wp-json\/wp\/v2\/types\/post"}],"author":[{"embeddable":true,"href":"http:\/\/automototransportas.lt\/index.php\/wp-json\/wp\/v2\/users\/1"}],"replies":[{"embeddable":true,"href":"http:\/\/automototransportas.lt\/index.php\/wp-json\/wp\/v2\/comments?post=1479"}],"version-history":[{"count":0,"href":"http:\/\/automototransportas.lt\/index.php\/wp-json\/wp\/v2\/posts\/1479\/revisions"}],"wp:featuredmedia":[{"embeddable":true,"href":"http:\/\/automototransportas.lt\/index.php\/wp-json\/wp\/v2\/media\/1480"}],"wp:attachment":[{"href":"http:\/\/automototransportas.lt\/index.php\/wp-json\/wp\/v2\/media?parent=1479"}],"wp:term":[{"taxonomy":"category","embeddable":true,"href":"http:\/\/automototransportas.lt\/index.php\/wp-json\/wp\/v2\/categories?post=1479"},{"taxonomy":"post_tag","embeddable":true,"href":"http:\/\/automototransportas.lt\/index.php\/wp-json\/wp\/v2\/tags?post=1479"}],"curies":[{"name":"wp","href":"https:\/\/api.w.org\/{rel}","templated":true}]}}