
{"id":146,"date":"2024-10-03T06:13:26","date_gmt":"2024-10-03T06:13:26","guid":{"rendered":"http:\/\/automototransportas.lt\/index.php\/2024\/10\/03\/ikrauti-ev-kas-per-vardas-mercedes-benz-paskelbe-apie-naujas-elektromobiliu-pavadinimu-suteikimo-taisykles\/"},"modified":"2024-10-03T06:13:26","modified_gmt":"2024-10-03T06:13:26","slug":"ikrauti-ev-kas-per-vardas-mercedes-benz-paskelbe-apie-naujas-elektromobiliu-pavadinimu-suteikimo-taisykles","status":"publish","type":"post","link":"http:\/\/automototransportas.lt\/index.php\/2024\/10\/03\/ikrauti-ev-kas-per-vardas-mercedes-benz-paskelbe-apie-naujas-elektromobiliu-pavadinimu-suteikimo-taisykles\/","title":{"rendered":"\u012ekrauti EV | Kas per vardas? \u201eMercedes-Benz\u201c paskelb\u0117 apie naujas elektromobili\u0173 pavadinim\u0173 suteikimo taisykles"},"content":{"rendered":"<p> <br \/>\n<\/p>\n<div id=\"\">\n<p>\u201eKas per vardas? Tai, k\u0105 mes vadiname ro\u017ee bet kokiu kitu vardu, kvep\u0117t\u0173 taip pat sald\u017eiai. Tie \u017eod\u017eiai, kuriuos D\u017euljeta pasak\u0117 did\u017eiojoje Shakespeare&#8217;o tragedijoje \u201eRomeo ir D\u017euljeta\u201c, rei\u0161kia, kad vardai yra beprasmiai. Ta\u010diau nesakyk to produkto vadovui, ypa\u010d automobili\u0173 pramon\u0117s atstovui. Automobili\u0173 pavadinimai atitinka kult\u016bros ir istorijos tendencijas. Pavyzd\u017eiui, am\u017eiaus vidurio atominis am\u017eius suteik\u0117 mums galingas vieno \u017eod\u017eio amerikieti\u0161k\u0173 automobili\u0173 vardines lenteles, kurios u\u017esimin\u0117 apie keliones \u012f kosmos\u0105 (Comet, Starfire, Galaxy, Mercury, Taurus) arba \u017eaves\u012f (Continental, Riviera, Monte Carlo, Eldorado, Monakas). o europie\u010diai i\u0161liko labiau prozi\u0161ki, vartodami skai\u010dius, kurie tur\u0117jo daugiau vidin\u0117s reik\u0161m\u0117s nei bet kas kitas (2002, 240D, 500, 401, 320iS).  <\/p>\n<p>Ta\u010diau kai Amerikos automobili\u0173 gamintojams 1973 m. arab\u0173 naftos embargo \u012fkar\u0161tyje teko masi\u0161kai ma\u017einti savo automobilius, daugyb\u0117 pavadinim\u0173 \u2013 nuo \u200b\u200bSedan de Ville iki taip, net Eldorado \u2013 prad\u0117jo pana\u0161\u0117ti \u012f \u201eWi-Fi\u201c prieigos ta\u0161k\u0173 pavadinimus. . I\u0161 pa\u017ei\u016bros per nakt\u012f aptaki\u0105 aerodinamin\u0119 amerikieti\u0161k\u0173 automobili\u0173 i\u0161vaizd\u0105 pakeit\u0117 tariamai europieti\u0161kesn\u0117 d\u0117\u017eut\u0117s forma. Nepaisant to, tam tikros vardin\u0117s lentel\u0117s, pavyzd\u017eiui, \u201eChevy Suburban\u201c (1935 m.), \u201eHonda Accord\u201c (1976 m.), \u201eVolkswagen Beetle\u201c (1938 m.) ir \u201eMercedes S-Class\u201c (1972 m.) \u2013 tur\u0117jo puiki\u0105 i\u0161tverm\u0119.  <\/p>\n<p>Tai \u0161iek tiek paai\u0161kina, kod\u0117l \u201eMercedes-Benz\u201c paskelb\u0117 apie reik\u0161mingus savo elektromobiliams naudojamos nomenklat\u016bros pakeitim\u0105, o jei yra ka\u017ekas, k\u0105 \u201eMercedes\u201c tur\u0117jo su nomenklat\u016bra, tai nuolatos nesuderinama. <\/p>\n<p>\u0160tutgarte \u012fsik\u016br\u0119s automobili\u0173 gamintojas savo elektromobiliams nebenaudos \u201eEQ\u201c prie\u0161d\u0117lio. Prie\u0161d\u0117lio naudojimas tiesiogiai prie\u0161tarauja nomenklat\u016bros politikai, kuri\u0105 Mercedes paskelb\u0117 prie\u0161 10 met\u0173, kai transporto priemon\u0117s j\u0117gain\u0117s tipui buvo prad\u0117tos naudoti ma\u017eosios raid\u0117s, pvz., \u201ed\u201c \u2013 dyzelinui, o \u201ee\u201c \u2013 elektrinei.<\/p>\n<figure class=\"wp-block-image size-large\"><\/figure>\n<p>\u201eEQ\u201c prie\u0161d\u0117lis pastaraisiais metais tapo sud\u0117tingas, nes suk\u0117l\u0117 painiav\u0105 su vidaus degimo varikliais turin\u010diomis transporto priemon\u0117mis, kurios naudojo vienos raid\u0117s arba dviej\u0173 raid\u017ei\u0173 prie\u0161d\u0117lius, po kuri\u0173 buvo klas\u0117s \u017eym\u0117jimas. Pavyzd\u017eiui, E-klasei arba E-Klasse voki\u0161kai buvo ir EQE, kuris buvo E-klas\u0117s EV sedanas, ir EQE visureigis, kuris ai\u0161kiai nebuvo sedanas. <\/p>\n<p>Tai, kad \u201eMercedes\u201c antrojo ketvir\u010dio pardavim\u0173 JAV ataskaitoje buvo nurodyta, kad EQS sedano ir EQS visureigio pardavimai 2024 m. pirm\u0105j\u012f pusmet\u012f suma\u017e\u0117jo 52%, palyginti su tuo pa\u010diu 2023 m.<\/p>\n<p>Taigi \u017einia apie dar vien\u0105 Mercedes nomenklat\u016bros pasikeitim\u0105. <\/p>\n<p>\u201eMercedes\u201c generalinis direktorius Ola K\u00e4llenius savaitra\u0161\u010diui JK automobili\u0173 \u017eurnalui \u201eAutocar\u201c sak\u0117, kad \u201eateityje bus dvi S klas\u0117s \u2013 ICE ir elektrin\u0117\u201c.  <\/p>\n<p>\u0160is sprendimas puikiai leid\u017eia stuttgarteriams panaikinti AKS pavadinim\u0105, kuris, matyt, netur\u0117jo tokio statuso tarp prabangi\u0173 automobili\u0173 pirk\u0117j\u0173, kaip S klas\u0117s.  <\/p>\n<p>Ta\u010diau du nauji S klas\u0117s automobiliai nebus pagr\u012fsti ta pa\u010dia platforma. S klas\u0117s EV variante bus naudojama b\u016bsima MB.EA Large platforma, o S klas\u0117s ICE variantas bus pagr\u012fstas i\u0161pl\u0117tota esamos MRA architekt\u016bros versija. <\/p>\n<p>Svarbu pa\u017eym\u0117ti, kad nors i\u0161 prad\u017ei\u0173 \u201eMercedes-Benz\u201c prognozavo, kad 2023 m. elektromobili\u0173 pardavimas sudarys daugiau nei 20 % i\u0161 2\u00a0043\u00a0800 pasaulini\u0173 pardavim\u0173, elektra u\u017e\u0117m\u0117 geriausiu atveju tik 11\u00a0% rinkos dal\u012f, nepaisant bendro 73\u00a0% padid\u0117jimo. vis\u0173 automobili\u0173 gamintojo EV pardavim\u0173 nuo 2022 m. <\/p>\n<p>Turint omenyje \u0161iuos pardavim\u0173 duomenis, galb\u016bt \u0160tutgarteriai tur\u0117jo skirti laiko ir energijos, skirto nomenklat\u016bros pertvarkymui, siekdami strateguoti, kaip pasi\u016blyti pigesnius elektromobilius, kurie gal\u0117t\u0173 \u012fveikti Kinijos konkurentus. <\/p>\n<p>Automobili\u0173 gamintojas anks\u010diau paskelb\u0117 apie reik\u0161mingus transporto priemoni\u0173 nomenklat\u016bros pakeitimus 2014 m., siekdamas supaprastinti savo modeli\u0173 pavadinimus. Tuo metu Mercedes standartizavo sistem\u0105, kuri modeli\u0173 pavadinimus suk\u016br\u0117 i\u0161 vienos ir trij\u0173 did\u017ei\u0173j\u0173 raid\u017ei\u0173 derini\u0173. \u012evairios galios r\u016b\u0161ys tur\u0117jo b\u016bti nurodytos ma\u017eosiomis raid\u0117mis. \u201eMercedes\u201c taip pat panaikino \u201eBlueTec\u201c prek\u0117s \u017eenkl\u0105 dyzeliniams varikliams ir gr\u012f\u017eo prie nepagra\u017eintos \u201eD\u201c raid\u0117s, kuri buvo naudojama anks\u010diau, pavyzd\u017eiui, ant 240D, nors ir ma\u017eosiomis raid\u0117mis. Hibridin\u0117s transporto priemon\u0117s tur\u0117jo gauti \u201eh\u201c, o elektrin\u0117s transporto priemon\u0117s tur\u0117jo gauti \u201ee\u201c \u017eym\u0117jim\u0105. <\/p>\n<p>Prie\u0161 tai ry\u0161kiausias pokytis buvo 1993 m., kai \u201eC\u201c ir \u201eE\u201c raid\u0117s tapo \u012fmon\u0117s kompakti\u0161k\u0173 ir vidutinio dyd\u017eio sedan\u0173 prie\u0161d\u0117liais.  <\/p>\n<p><em>\u0160altinis: <\/em><em>Automobilis<\/em> <\/p>\n<div class=\"mobile-ad after-first-p\">\n<div class=\"g g-14\">\n<div class=\"g-single a-590\"><img decoding=\"async\" src=\"https:\/\/chargedevs.com\/wp-content\/uploads\/2024\/09\/CEV-Dymax-300x250-ROS-Banner-Oct-2024.jpg\"\/><\/div>\n<\/div><\/div>\n<\/p><\/div>\n<p><script type=\"text\/javascript\">\n!function(f,b,e,v,n,t,s){if(f.fbq)return;n=f.fbq=function(){n.callMethod?\nn.callMethod.apply(n,arguments):n.queue.push(arguments)};if(!f._fbq)f._fbq=n;\nn.push=n;n.loaded=!0;n.version='2.0';n.queue=();t=b.createElement(e);t.async=!0;\nt.src=v;s=b.getElementsByTagName(e)(0);s.parentNode.insertBefore(t,s)}(window,\ndocument,'script','https:\/\/connect.facebook.net\/en_US\/fbevents.js?v=next');\n<\/script><br \/>\n<br \/><br \/>\n<br \/><a href=\"https:\/\/chargedevs.com\/newswire\/whats-in-a-name-mercedes-benz-announces-new-ev-naming-conventions\/\">Source link <\/a><\/p>\n","protected":false},"excerpt":{"rendered":"<p>\u201eKas per vardas? Tai, k\u0105 mes vadiname ro\u017ee bet kokiu kitu vardu, kvep\u0117t\u0173 taip pat sald\u017eiai. Tie \u017eod\u017eiai, kuriuos D\u017euljeta pasak\u0117 did\u017eiojoje Shakespeare&#8217;o tragedijoje \u201eRomeo ir D\u017euljeta\u201c, rei\u0161kia, kad vardai [&hellip;]<\/p>\n","protected":false},"author":1,"featured_media":147,"comment_status":"open","ping_status":"open","sticky":false,"template":"","format":"standard","meta":{"om_disable_all_campaigns":false,"_monsterinsights_skip_tracking":false,"_monsterinsights_sitenote_active":false,"_monsterinsights_sitenote_note":"","_monsterinsights_sitenote_category":0,"footnotes":""},"categories":[20],"tags":[11,232,21,163,355,156,356,357,358,359,354],"class_list":["post-146","post","type-post","status-publish","format-standard","has-post-thumbnail","hentry","category-elektriniai-automobiliai","tag-apie","tag-elektromobiliu","tag-ikrauti","tag-kas","tag-mercedesbenz","tag-naujas","tag-paskelbe","tag-pavadinimu","tag-suteikimo","tag-taisykles","tag-vardas"],"aioseo_notices":[],"_links":{"self":[{"href":"http:\/\/automototransportas.lt\/index.php\/wp-json\/wp\/v2\/posts\/146","targetHints":{"allow":["GET"]}}],"collection":[{"href":"http:\/\/automototransportas.lt\/index.php\/wp-json\/wp\/v2\/posts"}],"about":[{"href":"http:\/\/automototransportas.lt\/index.php\/wp-json\/wp\/v2\/types\/post"}],"author":[{"embeddable":true,"href":"http:\/\/automototransportas.lt\/index.php\/wp-json\/wp\/v2\/users\/1"}],"replies":[{"embeddable":true,"href":"http:\/\/automototransportas.lt\/index.php\/wp-json\/wp\/v2\/comments?post=146"}],"version-history":[{"count":0,"href":"http:\/\/automototransportas.lt\/index.php\/wp-json\/wp\/v2\/posts\/146\/revisions"}],"wp:featuredmedia":[{"embeddable":true,"href":"http:\/\/automototransportas.lt\/index.php\/wp-json\/wp\/v2\/media\/147"}],"wp:attachment":[{"href":"http:\/\/automototransportas.lt\/index.php\/wp-json\/wp\/v2\/media?parent=146"}],"wp:term":[{"taxonomy":"category","embeddable":true,"href":"http:\/\/automototransportas.lt\/index.php\/wp-json\/wp\/v2\/categories?post=146"},{"taxonomy":"post_tag","embeddable":true,"href":"http:\/\/automototransportas.lt\/index.php\/wp-json\/wp\/v2\/tags?post=146"}],"curies":[{"name":"wp","href":"https:\/\/api.w.org\/{rel}","templated":true}]}}